{"id":533,"date":"2018-11-13T08:35:08","date_gmt":"2018-11-13T07:35:08","guid":{"rendered":"http:\/\/europablog.bbs1goslar.de\/?p=533"},"modified":"2018-11-13T08:35:08","modified_gmt":"2018-11-13T07:35:08","slug":"unser-arbeitsalltag-bei-xarxa-mujeres","status":"publish","type":"post","link":"http:\/\/europablog.bbs1goslar.de\/?p=533","title":{"rendered":"Unser Arbeitsalltag bei &#8222;Xarxa Mujeres&#8220;"},"content":{"rendered":"<p style=\"text-align: justify;\">In der zweiten und dritten Woche unseres Auslands-Praktikums haben wir in unserem Arbeitsalltag viel erlebt. Bei unserem Praktikumsbetrieb Xarxa Mujeres haben wir nicht nur die pers\u00f6nlichen Daten der betreffenden Frauen gesammelt, dokumentiert und eingeordnet, sondern sind auch mit unserer Mentorin Hella zu verschieden Terminen gefahren.<\/p>\n<p style=\"text-align: justify;\">In der zweiten Woche hat uns Hella zu einem Ihrer Termine mitgenommen. Dort wurde anhand einer Powerpoint-Pr\u00e4sentation eine Smartphone-App vorgestellt. Diese App soll Menschen mit Behinderung, v. a. Rollstuhl-Fahrern helfen, die touristischen Sehensw\u00fcrdigkeiten von Valencia besser wahrnehmen bzw. besichtigen zu k\u00f6nnen.<br \/>\nDie Pr\u00e4sentation fand in den bei der sozialen Organisation Aspaym in der Innenstadt Valencias statt. Diese Organisation setzt sich gezielt f\u00fcr Menschen ein, die durch einen Unfall oder eine Krankheit auf den Rollstuhl angewiesen sind.<\/p>\n\n\t\t<style type=\"text\/css\">\n\t\t\t#gallery-1 {\n\t\t\t\tmargin: auto;\n\t\t\t}\n\t\t\t#gallery-1 .gallery-item {\n\t\t\t\tfloat: left;\n\t\t\t\tmargin-top: 10px;\n\t\t\t\ttext-align: center;\n\t\t\t\twidth: 25%;\n\t\t\t}\n\t\t\t#gallery-1 img {\n\t\t\t\tborder: 2px solid #cfcfcf;\n\t\t\t}\n\t\t\t#gallery-1 .gallery-caption {\n\t\t\t\tmargin-left: 0;\n\t\t\t}\n\t\t\t\/* see gallery_shortcode() in wp-includes\/media.php *\/\n\t\t<\/style>\n\t\t<div id='gallery-1' class='gallery galleryid-533 gallery-columns-4 gallery-size-thumbnail'><dl class='gallery-item'>\n\t\t\t<dt class='gallery-icon landscape'>\n\t\t\t\t<a href='http:\/\/europablog.bbs1goslar.de\/wp-content\/uploads\/2018\/10\/20181017_161110.jpg'><img width=\"150\" height=\"150\" src=\"http:\/\/europablog.bbs1goslar.de\/wp-content\/uploads\/2018\/10\/20181017_161110-150x150.jpg\" class=\"attachment-thumbnail size-thumbnail\" alt=\"\" loading=\"lazy\" aria-describedby=\"gallery-1-535\" \/><\/a>\n\t\t\t<\/dt>\n\t\t\t\t<dd class='wp-caption-text gallery-caption' id='gallery-1-535'>\n\t\t\t\tR\u00e4ume von Xarxa Mujeres\n\t\t\t\t<\/dd><\/dl><dl class='gallery-item'>\n\t\t\t<dt class='gallery-icon landscape'>\n\t\t\t\t<a href='http:\/\/europablog.bbs1goslar.de\/wp-content\/uploads\/2018\/10\/20181017_162610.jpg'><img width=\"150\" height=\"150\" src=\"http:\/\/europablog.bbs1goslar.de\/wp-content\/uploads\/2018\/10\/20181017_162610-150x150.jpg\" class=\"attachment-thumbnail size-thumbnail\" alt=\"\" loading=\"lazy\" aria-describedby=\"gallery-1-536\" \/><\/a>\n\t\t\t<\/dt>\n\t\t\t\t<dd class='wp-caption-text gallery-caption' id='gallery-1-536'>\n\t\t\t\tAbschluss-Foto mit Hella und einer weiteren Mitarbeiterin\n\t\t\t\t<\/dd><\/dl><dl class='gallery-item'>\n\t\t\t<dt class='gallery-icon landscape'>\n\t\t\t\t<a href='http:\/\/europablog.bbs1goslar.de\/wp-content\/uploads\/2018\/10\/20181002_113318.jpg'><img width=\"150\" height=\"150\" src=\"http:\/\/europablog.bbs1goslar.de\/wp-content\/uploads\/2018\/10\/20181002_113318-150x150.jpg\" class=\"attachment-thumbnail size-thumbnail\" alt=\"\" loading=\"lazy\" aria-describedby=\"gallery-1-540\" \/><\/a>\n\t\t\t<\/dt>\n\t\t\t\t<dd class='wp-caption-text gallery-caption' id='gallery-1-540'>\n\t\t\t\tR\u00e4um eder sozialen Einrichtung &#8222;Aspaym&#8220;\n\t\t\t\t<\/dd><\/dl><dl class='gallery-item'>\n\t\t\t<dt class='gallery-icon landscape'>\n\t\t\t\t<a href='http:\/\/europablog.bbs1goslar.de\/wp-content\/uploads\/2018\/10\/20181017_161030.jpg'><img width=\"150\" height=\"150\" src=\"http:\/\/europablog.bbs1goslar.de\/wp-content\/uploads\/2018\/10\/20181017_161030-150x150.jpg\" class=\"attachment-thumbnail size-thumbnail\" alt=\"\" loading=\"lazy\" aria-describedby=\"gallery-1-534\" \/><\/a>\n\t\t\t<\/dt>\n\t\t\t\t<dd class='wp-caption-text gallery-caption' id='gallery-1-534'>\n\t\t\t\tUnser Arbeitsplatz bei &#8222;Xarxa Mujeres&#8220;\n\t\t\t\t<\/dd><\/dl><br style=\"clear: both\" \/>\n\t\t<\/div>\n\n<p style=\"text-align: justify;\"><!--more-->Eine Woche sp\u00e4ter fand am 15.10. ein Fototermin mit einer kleinen F\u00fchrung durch die <strong>&#8222;Lonja de la Seda&#8220;<\/strong> statt, zu der uns Hella herzlich eingeladen hatte. Dieses Angebot haben wir gerne angenommen. Da f\u00fcr diesen Termin diverse Leute eingeladen waren, unter anderem der Tourismus-Pr\u00e4sident von Valencia, wurde die F\u00fchrung von einer Dolmetscherin ins Spanische und f\u00fcr uns auch in Englisch \u00fcbersetzt. Die <strong>&#8222;Lonja de la Seda&#8220;<\/strong> ist ein altert\u00fcmliches Geb\u00e4ude mitten in der Altstadt von Valencia. Sie besteht aus vier Teilen: dem Turm, dem Saal Consulado del Mar, dem Orangenbaum-Innenhof und dem S\u00e4ulensaal. Das Geb\u00e4ude diente fr\u00fcher als \u00d6lmarkt und Seidenb\u00f6rse und ist heutzutage eines der wichtigsten Sehensw\u00fcrdigkeiten der Stadt. Die anschlie\u00dfenden Gespr\u00e4che und der Fototermin fanden im S\u00e4ulensaal statt.<\/p>\n\n\t\t<style type=\"text\/css\">\n\t\t\t#gallery-2 {\n\t\t\t\tmargin: auto;\n\t\t\t}\n\t\t\t#gallery-2 .gallery-item {\n\t\t\t\tfloat: left;\n\t\t\t\tmargin-top: 10px;\n\t\t\t\ttext-align: center;\n\t\t\t\twidth: 25%;\n\t\t\t}\n\t\t\t#gallery-2 img {\n\t\t\t\tborder: 2px solid #cfcfcf;\n\t\t\t}\n\t\t\t#gallery-2 .gallery-caption {\n\t\t\t\tmargin-left: 0;\n\t\t\t}\n\t\t\t\/* see gallery_shortcode() in wp-includes\/media.php *\/\n\t\t<\/style>\n\t\t<div id='gallery-2' class='gallery galleryid-533 gallery-columns-4 gallery-size-thumbnail'><dl class='gallery-item'>\n\t\t\t<dt class='gallery-icon landscape'>\n\t\t\t\t<a href='http:\/\/europablog.bbs1goslar.de\/wp-content\/uploads\/2018\/10\/20181013_125501.jpg'><img width=\"150\" height=\"150\" src=\"http:\/\/europablog.bbs1goslar.de\/wp-content\/uploads\/2018\/10\/20181013_125501-150x150.jpg\" class=\"attachment-thumbnail size-thumbnail\" alt=\"\" loading=\"lazy\" aria-describedby=\"gallery-2-537\" \/><\/a>\n\t\t\t<\/dt>\n\t\t\t\t<dd class='wp-caption-text gallery-caption' id='gallery-2-537'>\n\t\t\t\tDie &#8222;Lonja de la Seda&#8220; von au\u00dfen\n\t\t\t\t<\/dd><\/dl><dl class='gallery-item'>\n\t\t\t<dt class='gallery-icon portrait'>\n\t\t\t\t<a href='http:\/\/europablog.bbs1goslar.de\/wp-content\/uploads\/2018\/10\/20181015_120900.jpg'><img width=\"150\" height=\"150\" src=\"http:\/\/europablog.bbs1goslar.de\/wp-content\/uploads\/2018\/10\/20181015_120900-150x150.jpg\" class=\"attachment-thumbnail size-thumbnail\" alt=\"\" loading=\"lazy\" aria-describedby=\"gallery-2-538\" \/><\/a>\n\t\t\t<\/dt>\n\t\t\t\t<dd class='wp-caption-text gallery-caption' id='gallery-2-538'>\n\t\t\t\tDer S\u00e4ulensaal der &#8222;Lonja de la Seda&#8220;\n\t\t\t\t<\/dd><\/dl><dl class='gallery-item'>\n\t\t\t<dt class='gallery-icon landscape'>\n\t\t\t\t<a href='http:\/\/europablog.bbs1goslar.de\/wp-content\/uploads\/2018\/10\/IMG-20181017-WA0008.jpg'><img width=\"150\" height=\"150\" src=\"http:\/\/europablog.bbs1goslar.de\/wp-content\/uploads\/2018\/10\/IMG-20181017-WA0008-150x150.jpg\" class=\"attachment-thumbnail size-thumbnail\" alt=\"\" loading=\"lazy\" aria-describedby=\"gallery-2-539\" \/><\/a>\n\t\t\t<\/dt>\n\t\t\t\t<dd class='wp-caption-text gallery-caption' id='gallery-2-539'>\n\t\t\t\tFoto mit dem Tourismus-Pr\u00e4sidenten von Valencia.\n\t\t\t\t<\/dd><\/dl>\n\t\t\t<br style='clear: both' \/>\n\t\t<\/div>\n\n<p>&nbsp;<\/p>\n","protected":false},"excerpt":{"rendered":"<p>In der zweiten und dritten Woche unseres Auslands-Praktikums haben wir in unserem Arbeitsalltag viel erlebt. Bei unserem Praktikumsbetrieb Xarxa Mujeres haben wir nicht nur die pers\u00f6nlichen Daten der betreffenden Frauen gesammelt, dokumentiert und eingeordnet, sondern sind auch mit unserer Mentorin &hellip; <a href=\"http:\/\/europablog.bbs1goslar.de\/?p=533\">Weiterlesen <span class=\"meta-nav\">&rarr;<\/span><\/a><\/p>\n","protected":false},"author":8,"featured_media":0,"comment_status":"closed","ping_status":"closed","sticky":false,"template":"","format":"gallery","meta":[],"categories":[8,3],"tags":[],"_links":{"self":[{"href":"http:\/\/europablog.bbs1goslar.de\/index.php?rest_route=\/wp\/v2\/posts\/533"}],"collection":[{"href":"http:\/\/europablog.bbs1goslar.de\/index.php?rest_route=\/wp\/v2\/posts"}],"about":[{"href":"http:\/\/europablog.bbs1goslar.de\/index.php?rest_route=\/wp\/v2\/types\/post"}],"author":[{"embeddable":true,"href":"http:\/\/europablog.bbs1goslar.de\/index.php?rest_route=\/wp\/v2\/users\/8"}],"replies":[{"embeddable":true,"href":"http:\/\/europablog.bbs1goslar.de\/index.php?rest_route=%2Fwp%2Fv2%2Fcomments&post=533"}],"version-history":[{"count":15,"href":"http:\/\/europablog.bbs1goslar.de\/index.php?rest_route=\/wp\/v2\/posts\/533\/revisions"}],"predecessor-version":[{"id":577,"href":"http:\/\/europablog.bbs1goslar.de\/index.php?rest_route=\/wp\/v2\/posts\/533\/revisions\/577"}],"wp:attachment":[{"href":"http:\/\/europablog.bbs1goslar.de\/index.php?rest_route=%2Fwp%2Fv2%2Fmedia&parent=533"}],"wp:term":[{"taxonomy":"category","embeddable":true,"href":"http:\/\/europablog.bbs1goslar.de\/index.php?rest_route=%2Fwp%2Fv2%2Fcategories&post=533"},{"taxonomy":"post_tag","embeddable":true,"href":"http:\/\/europablog.bbs1goslar.de\/index.php?rest_route=%2Fwp%2Fv2%2Ftags&post=533"}],"curies":[{"name":"wp","href":"https:\/\/api.w.org\/{rel}","templated":true}]}}