{"id":503,"date":"2018-10-22T10:40:04","date_gmt":"2018-10-22T08:40:04","guid":{"rendered":"http:\/\/europablog.bbs1goslar.de\/?p=503"},"modified":"2018-10-22T10:40:04","modified_gmt":"2018-10-22T08:40:04","slug":"abenteuer-island-2018-woche-4","status":"publish","type":"post","link":"http:\/\/europablog.bbs1goslar.de\/?p=503","title":{"rendered":"Abenteuer Island 2018 &#8211; Woche 4"},"content":{"rendered":"<p style=\"text-align: justify;\">Mit einem weiteren Highlight starteten wir in unsere vierte und damit letzte Woche. Die ersten drei Tage verbrachten wir bei Brammer, einem Unternehmen im technischen Handel mit Produkten und Dienstleistungen f\u00fcr die Wartung, Reparatur und Instandhaltung. Das Unternehmen ist Teil der europaweit t\u00e4tigen Brammer-Gruppe, mit dem Hauptsitz in London und weiteren Standorten in ganz Europa. Das besondere an dem Standort in Island ist die N\u00e4he und Zusammenarbeit mit Alcoa Fjar\u00f0a\u00e1l, einem der f\u00fchrenden Hersteller von Bauxit-, Aluminiumoxid- und Aluminiumprodukten. Brammer befindet sich direkt auf dem Gel\u00e4nde von Alcoa.<\/p>\n<p style=\"text-align: justify;\">Nach einer Sicherheitseinweisung um das Gel\u00e4nde betreten zu k\u00f6nnen, haben wir eine F\u00fchrung durch die R\u00e4umlichkeiten von Brammer erhalten. Danach wurden uns in einer Pr\u00e4sentation das T\u00e4tigkeitsfeld, die Gesch\u00e4ftskennzahlen und das verwendete ERP-System Oracle n\u00e4her gebracht. Wir durften uns mit der Warenannahme\u00a0 befassen und beim Wareneingansprozess mithelfen.<\/p>\n<p style=\"text-align: justify;\">Eine weitere Aufgabe war es, die Durchlaufzeiten in Oracle zu aktualisieren, damit die Kunden immer auf dem neuesten Stand sind. Desweiteren haben wir in einem bestimmten Lagerbereich die genauen Positionen der Produkte in den Regalen \u00fcberp\u00fcft und im Computersystem aktualisiert und eingepflegt. In diesem Zusammenhang haben wir gleichzeitig eine Inventur vorgenommen und die Produkte auf die korrekte Anzahl \u00fcberpr\u00fcft.<br \/>\nZus\u00e4tzlich haben wir eine private und sehr interessante Tour durch die Produktion von Alcoa erhalten, bei der wir einen genauen Einblick in die Aluminiumproduktion gewannen.<\/p>\n\n\t\t<style type=\"text\/css\">\n\t\t\t#gallery-1 {\n\t\t\t\tmargin: auto;\n\t\t\t}\n\t\t\t#gallery-1 .gallery-item {\n\t\t\t\tfloat: left;\n\t\t\t\tmargin-top: 10px;\n\t\t\t\ttext-align: center;\n\t\t\t\twidth: 33%;\n\t\t\t}\n\t\t\t#gallery-1 img {\n\t\t\t\tborder: 2px solid #cfcfcf;\n\t\t\t}\n\t\t\t#gallery-1 .gallery-caption {\n\t\t\t\tmargin-left: 0;\n\t\t\t}\n\t\t\t\/* see gallery_shortcode() in wp-includes\/media.php *\/\n\t\t<\/style>\n\t\t<div id='gallery-1' class='gallery galleryid-503 gallery-columns-3 gallery-size-thumbnail'><dl class='gallery-item'>\n\t\t\t<dt class='gallery-icon landscape'>\n\t\t\t\t<a href='http:\/\/europablog.bbs1goslar.de\/?attachment_id=519'><img width=\"150\" height=\"150\" src=\"http:\/\/europablog.bbs1goslar.de\/wp-content\/uploads\/2018\/10\/20181015_160906-150x150.jpg\" class=\"attachment-thumbnail size-thumbnail\" alt=\"\" loading=\"lazy\" aria-describedby=\"gallery-1-519\" \/><\/a>\n\t\t\t<\/dt>\n\t\t\t\t<dd class='wp-caption-text gallery-caption' id='gallery-1-519'>\n\t\t\t\tEingang und Kantine von Alcoa und Brammer\n\t\t\t\t<\/dd><\/dl><dl class='gallery-item'>\n\t\t\t<dt class='gallery-icon landscape'>\n\t\t\t\t<a href='http:\/\/europablog.bbs1goslar.de\/?attachment_id=512'><img width=\"150\" height=\"150\" src=\"http:\/\/europablog.bbs1goslar.de\/wp-content\/uploads\/2018\/10\/20181020_174628-150x150.jpg\" class=\"attachment-thumbnail size-thumbnail\" alt=\"\" loading=\"lazy\" aria-describedby=\"gallery-1-512\" \/><\/a>\n\t\t\t<\/dt>\n\t\t\t\t<dd class='wp-caption-text gallery-caption' id='gallery-1-512'>\n\t\t\t\tAlcoa Produktionshallen\n\t\t\t\t<\/dd><\/dl><dl class='gallery-item'>\n\t\t\t<dt class='gallery-icon portrait'>\n\t\t\t\t<a href='http:\/\/europablog.bbs1goslar.de\/?attachment_id=518'><img width=\"150\" height=\"150\" src=\"http:\/\/europablog.bbs1goslar.de\/wp-content\/uploads\/2018\/10\/20181016_161330-150x150.jpg\" class=\"attachment-thumbnail size-thumbnail\" alt=\"\" loading=\"lazy\" aria-describedby=\"gallery-1-518\" \/><\/a>\n\t\t\t<\/dt>\n\t\t\t\t<dd class='wp-caption-text gallery-caption' id='gallery-1-518'>\n\t\t\t\tVor der F\u00fchrung\n\t\t\t\t<\/dd><\/dl><br style=\"clear: both\" \/><dl class='gallery-item'>\n\t\t\t<dt class='gallery-icon landscape'>\n\t\t\t\t<a href='http:\/\/europablog.bbs1goslar.de\/?attachment_id=517'><img width=\"150\" height=\"150\" src=\"http:\/\/europablog.bbs1goslar.de\/wp-content\/uploads\/2018\/10\/20181017_175901-150x150.jpg\" class=\"attachment-thumbnail size-thumbnail\" alt=\"\" loading=\"lazy\" aria-describedby=\"gallery-1-517\" \/><\/a>\n\t\t\t<\/dt>\n\t\t\t\t<dd class='wp-caption-text gallery-caption' id='gallery-1-517'>\n\t\t\t\tProduktionshallen Alcoa\n\t\t\t\t<\/dd><\/dl><dl class='gallery-item'>\n\t\t\t<dt class='gallery-icon landscape'>\n\t\t\t\t<a href='http:\/\/europablog.bbs1goslar.de\/?attachment_id=511'><img width=\"150\" height=\"150\" src=\"http:\/\/europablog.bbs1goslar.de\/wp-content\/uploads\/2018\/10\/20181020_174741-150x150.jpg\" class=\"attachment-thumbnail size-thumbnail\" alt=\"\" loading=\"lazy\" aria-describedby=\"gallery-1-511\" \/><\/a>\n\t\t\t<\/dt>\n\t\t\t\t<dd class='wp-caption-text gallery-caption' id='gallery-1-511'>\n\t\t\t\tAlcoa Hafen\n\t\t\t\t<\/dd><\/dl>\n\t\t\t<br style='clear: both' \/>\n\t\t<\/div>\n\n<p style=\"text-align: justify;\"><!--more-->Am Donnerstag haben wir den Tag mit dem Manager aller Museen in der Region Fjar\u00f0abygg\u00f0, P\u00e9tur S\u00f6rensson, verbracht. Zuerst besuchten wir die Fish Factory in St\u00f6\u00f0varfj\u00f6r\u00f0ur. Die Fish Factory ist ein kreatives Center f\u00fcr internationale K\u00fcnstler und Einheimische, um wie bei Art Attack das Kulturangebot in der Region zu erweitern. Das Center verf\u00fcgt \u00fcber gemeinsame und private Studiofl\u00e4chen, voll ausgestattete Holz- und Metallwerkst\u00e4tten, eine Keramikwerkstatt, eine kleine Bibliothek, eine N\u00e4hwerkstatt und eine Konzerthalle. Ein Aufnahmestudio f\u00fcr Bands ist derzeit in Arbeit. Wir sind davon beeindruckt, dass das Kulturangebot auch in solch kleinen Gemeinden stetig verbessert wird und die Bev\u00f6lkerung auch daran interessiert ist.<\/p>\n\n\t\t<style type=\"text\/css\">\n\t\t\t#gallery-2 {\n\t\t\t\tmargin: auto;\n\t\t\t}\n\t\t\t#gallery-2 .gallery-item {\n\t\t\t\tfloat: left;\n\t\t\t\tmargin-top: 10px;\n\t\t\t\ttext-align: center;\n\t\t\t\twidth: 25%;\n\t\t\t}\n\t\t\t#gallery-2 img {\n\t\t\t\tborder: 2px solid #cfcfcf;\n\t\t\t}\n\t\t\t#gallery-2 .gallery-caption {\n\t\t\t\tmargin-left: 0;\n\t\t\t}\n\t\t\t\/* see gallery_shortcode() in wp-includes\/media.php *\/\n\t\t<\/style>\n\t\t<div id='gallery-2' class='gallery galleryid-503 gallery-columns-4 gallery-size-thumbnail'><dl class='gallery-item'>\n\t\t\t<dt class='gallery-icon landscape'>\n\t\t\t\t<a href='http:\/\/europablog.bbs1goslar.de\/wp-content\/uploads\/2018\/10\/20181018_121515.jpg'><img width=\"150\" height=\"150\" src=\"http:\/\/europablog.bbs1goslar.de\/wp-content\/uploads\/2018\/10\/20181018_121515-150x150.jpg\" class=\"attachment-thumbnail size-thumbnail\" alt=\"\" loading=\"lazy\" aria-describedby=\"gallery-2-510\" \/><\/a>\n\t\t\t<\/dt>\n\t\t\t\t<dd class='wp-caption-text gallery-caption' id='gallery-2-510'>\n\t\t\t\tFish Factory\n\t\t\t\t<\/dd><\/dl><dl class='gallery-item'>\n\t\t\t<dt class='gallery-icon landscape'>\n\t\t\t\t<a href='http:\/\/europablog.bbs1goslar.de\/wp-content\/uploads\/2018\/10\/20181018_195653.jpg'><img width=\"150\" height=\"150\" src=\"http:\/\/europablog.bbs1goslar.de\/wp-content\/uploads\/2018\/10\/20181018_195653-150x150.jpg\" class=\"attachment-thumbnail size-thumbnail\" alt=\"\" loading=\"lazy\" aria-describedby=\"gallery-2-507\" \/><\/a>\n\t\t\t<\/dt>\n\t\t\t\t<dd class='wp-caption-text gallery-caption' id='gallery-2-507'>\n\t\t\t\tArbeit der Fish Factory\n\t\t\t\t<\/dd><\/dl><dl class='gallery-item'>\n\t\t\t<dt class='gallery-icon portrait'>\n\t\t\t\t<a href='http:\/\/europablog.bbs1goslar.de\/wp-content\/uploads\/2018\/10\/IMG-20181021-WA0008.jpg'><img width=\"150\" height=\"150\" src=\"http:\/\/europablog.bbs1goslar.de\/wp-content\/uploads\/2018\/10\/IMG-20181021-WA0008-150x150.jpg\" class=\"attachment-thumbnail size-thumbnail\" alt=\"\" loading=\"lazy\" aria-describedby=\"gallery-2-514\" \/><\/a>\n\t\t\t<\/dt>\n\t\t\t\t<dd class='wp-caption-text gallery-caption' id='gallery-2-514'>\n\t\t\t\tKonzertraum Fish Factory\n\t\t\t\t<\/dd><\/dl><dl class='gallery-item'>\n\t\t\t<dt class='gallery-icon landscape'>\n\t\t\t\t<a href='http:\/\/europablog.bbs1goslar.de\/wp-content\/uploads\/2018\/10\/20181018_121430.jpg'><img width=\"150\" height=\"150\" src=\"http:\/\/europablog.bbs1goslar.de\/wp-content\/uploads\/2018\/10\/20181018_121430-150x150.jpg\" class=\"attachment-thumbnail size-thumbnail\" alt=\"\" loading=\"lazy\" aria-describedby=\"gallery-2-516\" \/><\/a>\n\t\t\t<\/dt>\n\t\t\t\t<dd class='wp-caption-text gallery-caption' id='gallery-2-516'>\n\t\t\t\tArbeit der Fish Factory\n\t\t\t\t<\/dd><\/dl><br style=\"clear: both\" \/>\n\t\t<\/div>\n\n<p style=\"text-align: justify;\">Danach ging es weiter nach F\u00e1skr\u00fa\u00f0sfj\u00f6r\u00f0ur, wo wir uns das franz\u00f6sische Museum angesehen haben. In Rey\u00f0arfj\u00f6r\u00f0ur haben wir das Kriegszeit-Museum besichtigt. F\u00fcr die Isl\u00e4nder hatte der zweite Weltkrieg sogar positive Seiten, da durch die Soldaten das Geld auf die Insel kam und die Isl\u00e4nder unabh\u00e4ngig von D\u00e4nemark werden konnten.<br \/>\nIn Eskifj\u00f6r\u00f0ur haben wir uns noch ein Maritim- und ein Stein-Museum angeschaut und zu guter Letzt das Museum in Neskaupsta\u00f0ur erkundet. Es war zwar kein normaler Arbeitstag, aber wir konnten viel \u00fcber die Geschichte und die Natur der Region erfahren.<\/p>\n\n\t\t<style type=\"text\/css\">\n\t\t\t#gallery-3 {\n\t\t\t\tmargin: auto;\n\t\t\t}\n\t\t\t#gallery-3 .gallery-item {\n\t\t\t\tfloat: left;\n\t\t\t\tmargin-top: 10px;\n\t\t\t\ttext-align: center;\n\t\t\t\twidth: 33%;\n\t\t\t}\n\t\t\t#gallery-3 img {\n\t\t\t\tborder: 2px solid #cfcfcf;\n\t\t\t}\n\t\t\t#gallery-3 .gallery-caption {\n\t\t\t\tmargin-left: 0;\n\t\t\t}\n\t\t\t\/* see gallery_shortcode() in wp-includes\/media.php *\/\n\t\t<\/style>\n\t\t<div id='gallery-3' class='gallery galleryid-503 gallery-columns-3 gallery-size-thumbnail'><dl class='gallery-item'>\n\t\t\t<dt class='gallery-icon portrait'>\n\t\t\t\t<a href='http:\/\/europablog.bbs1goslar.de\/?attachment_id=506'><img width=\"150\" height=\"150\" src=\"http:\/\/europablog.bbs1goslar.de\/wp-content\/uploads\/2018\/10\/20181018_161044-150x150.jpg\" class=\"attachment-thumbnail size-thumbnail\" alt=\"\" loading=\"lazy\" aria-describedby=\"gallery-3-506\" \/><\/a>\n\t\t\t<\/dt>\n\t\t\t\t<dd class='wp-caption-text gallery-caption' id='gallery-3-506'>\n\t\t\t\tSteinmuseum mit regionalen Steinen\n\t\t\t\t<\/dd><\/dl><dl class='gallery-item'>\n\t\t\t<dt class='gallery-icon portrait'>\n\t\t\t\t<a href='http:\/\/europablog.bbs1goslar.de\/?attachment_id=515'><img width=\"150\" height=\"150\" src=\"http:\/\/europablog.bbs1goslar.de\/wp-content\/uploads\/2018\/10\/IMG-20181021-WA0009-150x150.jpg\" class=\"attachment-thumbnail size-thumbnail\" alt=\"\" loading=\"lazy\" aria-describedby=\"gallery-3-515\" \/><\/a>\n\t\t\t<\/dt>\n\t\t\t\t<dd class='wp-caption-text gallery-caption' id='gallery-3-515'>\n\t\t\t\tKriegszeit-Museum\n\t\t\t\t<\/dd><\/dl><dl class='gallery-item'>\n\t\t\t<dt class='gallery-icon portrait'>\n\t\t\t\t<a href='http:\/\/europablog.bbs1goslar.de\/?attachment_id=513'><img width=\"150\" height=\"150\" src=\"http:\/\/europablog.bbs1goslar.de\/wp-content\/uploads\/2018\/10\/IMG-20181021-WA0010-150x150.jpg\" class=\"attachment-thumbnail size-thumbnail\" alt=\"\" loading=\"lazy\" aria-describedby=\"gallery-3-513\" \/><\/a>\n\t\t\t<\/dt>\n\t\t\t\t<dd class='wp-caption-text gallery-caption' id='gallery-3-513'>\n\t\t\t\tMuseum Neskaupsta\u00f0ur\n\t\t\t\t<\/dd><\/dl><br style=\"clear: both\" \/>\n\t\t<\/div>\n\n<p style=\"text-align: justify;\">Den letzten Tag verbrachten wir noch einmal im Cultural Center in Neskaupsta\u00f0ur.<\/p>\n","protected":false},"excerpt":{"rendered":"<p>Mit einem weiteren Highlight starteten wir in unsere vierte und damit letzte Woche. Die ersten drei Tage verbrachten wir bei Brammer, einem Unternehmen im technischen Handel mit Produkten und Dienstleistungen f\u00fcr die Wartung, Reparatur und Instandhaltung. Das Unternehmen ist Teil &hellip; <a href=\"http:\/\/europablog.bbs1goslar.de\/?p=503\">Weiterlesen <span class=\"meta-nav\">&rarr;<\/span><\/a><\/p>\n","protected":false},"author":7,"featured_media":0,"comment_status":"closed","ping_status":"closed","sticky":false,"template":"","format":"standard","meta":[],"categories":[7,3],"tags":[],"_links":{"self":[{"href":"http:\/\/europablog.bbs1goslar.de\/index.php?rest_route=\/wp\/v2\/posts\/503"}],"collection":[{"href":"http:\/\/europablog.bbs1goslar.de\/index.php?rest_route=\/wp\/v2\/posts"}],"about":[{"href":"http:\/\/europablog.bbs1goslar.de\/index.php?rest_route=\/wp\/v2\/types\/post"}],"author":[{"embeddable":true,"href":"http:\/\/europablog.bbs1goslar.de\/index.php?rest_route=\/wp\/v2\/users\/7"}],"replies":[{"embeddable":true,"href":"http:\/\/europablog.bbs1goslar.de\/index.php?rest_route=%2Fwp%2Fv2%2Fcomments&post=503"}],"version-history":[{"count":6,"href":"http:\/\/europablog.bbs1goslar.de\/index.php?rest_route=\/wp\/v2\/posts\/503\/revisions"}],"predecessor-version":[{"id":528,"href":"http:\/\/europablog.bbs1goslar.de\/index.php?rest_route=\/wp\/v2\/posts\/503\/revisions\/528"}],"wp:attachment":[{"href":"http:\/\/europablog.bbs1goslar.de\/index.php?rest_route=%2Fwp%2Fv2%2Fmedia&parent=503"}],"wp:term":[{"taxonomy":"category","embeddable":true,"href":"http:\/\/europablog.bbs1goslar.de\/index.php?rest_route=%2Fwp%2Fv2%2Fcategories&post=503"},{"taxonomy":"post_tag","embeddable":true,"href":"http:\/\/europablog.bbs1goslar.de\/index.php?rest_route=%2Fwp%2Fv2%2Ftags&post=503"}],"curies":[{"name":"wp","href":"https:\/\/api.w.org\/{rel}","templated":true}]}}