{"id":1538,"date":"2023-12-20T10:40:10","date_gmt":"2023-12-20T09:40:10","guid":{"rendered":"http:\/\/europablog.bbs1goslar.de\/?p=1538"},"modified":"2023-12-20T10:41:48","modified_gmt":"2023-12-20T09:41:48","slug":"erasmus-projekt-der-wi22-in-slany-tschechien-vom-06-bis-17-november-2023","status":"publish","type":"post","link":"http:\/\/europablog.bbs1goslar.de\/?p=1538","title":{"rendered":"Erasmus+ Projekt der WI22 in Slan\u00fd, Tschechien vom 06. bis 17. November 2023"},"content":{"rendered":"<p style=\"text-align: justify;\"><strong>Die Idee<\/strong>: Die 11 Sch\u00fcler\/-innen der WI22 besichtigen gemeinsam mit Sch\u00fcler\/-innen unserer tschechischen Partner-Schule Obchodni akademie (Handels-Akademie) in Slan\u00fd bei Prag vier Industrie-Betriebe und erstellen in gemischten deutsch-tschechischen Teams Unternehmens-Pr\u00e4sentationen auf Englisch, die in der Schul-Aula in Slan\u00fd vorgestellt werden.<\/p>\n<p style=\"text-align: justify;\"><strong>Das Problem: <\/strong>W\u00e4hrend des 2-w\u00f6chigen Aufenthaltes in Tschechien mussten wegen Corona, Grippe &amp; Co. ein Lehrer und f\u00fcnf Sch\u00fcler vorzeitig zur\u00fcck nach Deutschland fahren.<\/p>\n<p style=\"text-align: justify;\"><strong>Das Ergebnis<\/strong>: Trotz der krankheitsbedingten Ausf\u00e4lle konnten immerhin zwei von vier Sch\u00fcler-Teams aus Goslar zusammen mit ihren tschechischen Team-Partner\/-innen ihre Unternehmens-Pr\u00e4sentationen in der Schul-Aula in Slan\u00fd vorstellen und das Erasmus+ Projekt insgesamt erfolgreich zu Ende bringen.<\/p>\n<p style=\"text-align: justify;\"><strong>Schwieriger Start:<\/strong> Um sicher zur Abfahrt mit dem FlixBus am ZOB Braunschweig am Montagmorgen zu kommen, richteten Lehrer aufgrund von Zug-Problemen kurzerhand einen Shuttle-Service von Goslar nach Braunschweig ein.<br \/>\nUm 09:35 Uhr ging es dann mit dem FlixBus ohne Umstieg \u00fcber Magdeburg, Halle, Leipzig und Dresden nach Prag. Gegen 16:30 Uhr kamen wir am ZOB &#8222;Florenc&#8220; in Prag an. Von Prag aus waren wir dann mit Stra\u00dfenbahn und Regional-Bus weniger als eine Stunde bis Slan\u00fd unterwegs, sodass wir uns alle am Abend in einer urigen Gastst\u00e4tte mit tschechischen Spezialit\u00e4ten st\u00e4rken konnten.<\/p>\n\n\t\t<style type=\"text\/css\">\n\t\t\t#gallery-1 {\n\t\t\t\tmargin: auto;\n\t\t\t}\n\t\t\t#gallery-1 .gallery-item {\n\t\t\t\tfloat: left;\n\t\t\t\tmargin-top: 10px;\n\t\t\t\ttext-align: center;\n\t\t\t\twidth: 50%;\n\t\t\t}\n\t\t\t#gallery-1 img {\n\t\t\t\tborder: 2px solid #cfcfcf;\n\t\t\t}\n\t\t\t#gallery-1 .gallery-caption {\n\t\t\t\tmargin-left: 0;\n\t\t\t}\n\t\t\t\/* see gallery_shortcode() in wp-includes\/media.php *\/\n\t\t<\/style>\n\t\t<div id='gallery-1' class='gallery galleryid-1538 gallery-columns-2 gallery-size-thumbnail'><dl class='gallery-item'>\n\t\t\t<dt class='gallery-icon landscape'>\n\t\t\t\t<a href='http:\/\/europablog.bbs1goslar.de\/?attachment_id=1568'><img width=\"150\" height=\"150\" src=\"http:\/\/europablog.bbs1goslar.de\/wp-content\/uploads\/2023\/12\/IMG_20231106_200322-150x150.jpg\" class=\"attachment-thumbnail size-thumbnail\" alt=\"\" loading=\"lazy\" aria-describedby=\"gallery-1-1568\" \/><\/a>\n\t\t\t<\/dt>\n\t\t\t\t<dd class='wp-caption-text gallery-caption' id='gallery-1-1568'>\n\t\t\t\tZum Abend-Essen im &#8222;Pivovar Anto\u0161&#8220;\n\t\t\t\t<\/dd><\/dl><dl class='gallery-item'>\n\t\t\t<dt class='gallery-icon landscape'>\n\t\t\t\t<a href='http:\/\/europablog.bbs1goslar.de\/?attachment_id=1569'><img width=\"150\" height=\"150\" src=\"http:\/\/europablog.bbs1goslar.de\/wp-content\/uploads\/2023\/12\/IMG_20231107_072428-150x150.jpg\" class=\"attachment-thumbnail size-thumbnail\" alt=\"\" loading=\"lazy\" aria-describedby=\"gallery-1-1569\" \/><\/a>\n\t\t\t<\/dt>\n\t\t\t\t<dd class='wp-caption-text gallery-caption' id='gallery-1-1569'>\n\t\t\t\t\u00dcber den D\u00e4chern von Slan\u00fd\n\t\t\t\t<\/dd><\/dl><br style=\"clear: both\" \/>\n\t\t<\/div>\n\n<p style=\"text-align: justify;\"><!--more-->Am n\u00e4chsten Tag ging es gleich mit der ersten Betriebs-Besichtigung bei Mitsubishi los. Der Betrieb fiel v. a. durch eine fast klinische Reinheit auf, obwohl der japanische Konzern hier Bauteile f\u00fcr die Auto-Industrie wie Rotoren und Statoren herstellt.<br \/>\nMittags waren wir dann zum Antritts-Besuch bei der Handels-Akademie Slan\u00fd und haben unsere tschechischen Partner kennengelernt.<\/p>\n\n\t\t<style type=\"text\/css\">\n\t\t\t#gallery-2 {\n\t\t\t\tmargin: auto;\n\t\t\t}\n\t\t\t#gallery-2 .gallery-item {\n\t\t\t\tfloat: left;\n\t\t\t\tmargin-top: 10px;\n\t\t\t\ttext-align: center;\n\t\t\t\twidth: 33%;\n\t\t\t}\n\t\t\t#gallery-2 img {\n\t\t\t\tborder: 2px solid #cfcfcf;\n\t\t\t}\n\t\t\t#gallery-2 .gallery-caption {\n\t\t\t\tmargin-left: 0;\n\t\t\t}\n\t\t\t\/* see gallery_shortcode() in wp-includes\/media.php *\/\n\t\t<\/style>\n\t\t<div id='gallery-2' class='gallery galleryid-1538 gallery-columns-3 gallery-size-thumbnail'><dl class='gallery-item'>\n\t\t\t<dt class='gallery-icon landscape'>\n\t\t\t\t<a href='http:\/\/europablog.bbs1goslar.de\/?attachment_id=1550'><img width=\"150\" height=\"150\" src=\"http:\/\/europablog.bbs1goslar.de\/wp-content\/uploads\/2023\/12\/IMG_20231107_102453-150x150.jpg\" class=\"attachment-thumbnail size-thumbnail\" alt=\"\" loading=\"lazy\" aria-describedby=\"gallery-2-1550\" \/><\/a>\n\t\t\t<\/dt>\n\t\t\t\t<dd class='wp-caption-text gallery-caption' id='gallery-2-1550'>\n\t\t\t\tIm Schulungs-Raum von Mitsubishi\n\t\t\t\t<\/dd><\/dl><dl class='gallery-item'>\n\t\t\t<dt class='gallery-icon portrait'>\n\t\t\t\t<a href='http:\/\/europablog.bbs1goslar.de\/?attachment_id=1549'><img width=\"150\" height=\"150\" src=\"http:\/\/europablog.bbs1goslar.de\/wp-content\/uploads\/2023\/12\/IMG_20231107_102955-150x150.jpg\" class=\"attachment-thumbnail size-thumbnail\" alt=\"\" loading=\"lazy\" aria-describedby=\"gallery-2-1549\" \/><\/a>\n\t\t\t<\/dt>\n\t\t\t\t<dd class='wp-caption-text gallery-caption' id='gallery-2-1549'>\n\t\t\t\tEin Stator\n\t\t\t\t<\/dd><\/dl><dl class='gallery-item'>\n\t\t\t<dt class='gallery-icon portrait'>\n\t\t\t\t<a href='http:\/\/europablog.bbs1goslar.de\/?attachment_id=1570'><img width=\"150\" height=\"150\" src=\"http:\/\/europablog.bbs1goslar.de\/wp-content\/uploads\/2023\/12\/IMG_20231107_102948-150x150.jpg\" class=\"attachment-thumbnail size-thumbnail\" alt=\"\" loading=\"lazy\" aria-describedby=\"gallery-2-1570\" \/><\/a>\n\t\t\t<\/dt>\n\t\t\t\t<dd class='wp-caption-text gallery-caption' id='gallery-2-1570'>\n\t\t\t\tEin Rotor\n\t\t\t\t<\/dd><\/dl><br style=\"clear: both\" \/>\n\t\t<\/div>\n\n<p style=\"text-align: justify;\">Am Mittwoch haben wir vormittags LINET spol. s r.o., einen f\u00fchrenden Hersteller von Krankenhaus-Betten in Europa, besucht. Am Nachmittag besichtigten wir das Stadt-Museum Slan\u00fd und wurden vom B\u00fcrgermeister der Stadt empfangen.<\/p>\n\n\t\t<style type=\"text\/css\">\n\t\t\t#gallery-3 {\n\t\t\t\tmargin: auto;\n\t\t\t}\n\t\t\t#gallery-3 .gallery-item {\n\t\t\t\tfloat: left;\n\t\t\t\tmargin-top: 10px;\n\t\t\t\ttext-align: center;\n\t\t\t\twidth: 33%;\n\t\t\t}\n\t\t\t#gallery-3 img {\n\t\t\t\tborder: 2px solid #cfcfcf;\n\t\t\t}\n\t\t\t#gallery-3 .gallery-caption {\n\t\t\t\tmargin-left: 0;\n\t\t\t}\n\t\t\t\/* see gallery_shortcode() in wp-includes\/media.php *\/\n\t\t<\/style>\n\t\t<div id='gallery-3' class='gallery galleryid-1538 gallery-columns-3 gallery-size-thumbnail'><dl class='gallery-item'>\n\t\t\t<dt class='gallery-icon portrait'>\n\t\t\t\t<a href='http:\/\/europablog.bbs1goslar.de\/?attachment_id=1571'><img width=\"150\" height=\"150\" src=\"http:\/\/europablog.bbs1goslar.de\/wp-content\/uploads\/2023\/12\/IMG_20231108_105539-150x150.jpg\" class=\"attachment-thumbnail size-thumbnail\" alt=\"\" loading=\"lazy\" aria-describedby=\"gallery-3-1571\" \/><\/a>\n\t\t\t<\/dt>\n\t\t\t\t<dd class='wp-caption-text gallery-caption' id='gallery-3-1571'>\n\t\t\t\tVor dem Haupt-Eingang von LINET\n\t\t\t\t<\/dd><\/dl><dl class='gallery-item'>\n\t\t\t<dt class='gallery-icon portrait'>\n\t\t\t\t<a href='http:\/\/europablog.bbs1goslar.de\/?attachment_id=1572'><img width=\"150\" height=\"150\" src=\"http:\/\/europablog.bbs1goslar.de\/wp-content\/uploads\/2023\/12\/20231108_145628-150x150.jpg\" class=\"attachment-thumbnail size-thumbnail\" alt=\"\" loading=\"lazy\" aria-describedby=\"gallery-3-1572\" \/><\/a>\n\t\t\t<\/dt>\n\t\t\t\t<dd class='wp-caption-text gallery-caption' id='gallery-3-1572'>\n\t\t\t\tIn der Museums-Kapelle\n\t\t\t\t<\/dd><\/dl><dl class='gallery-item'>\n\t\t\t<dt class='gallery-icon landscape'>\n\t\t\t\t<a href='http:\/\/europablog.bbs1goslar.de\/?attachment_id=1562'><img width=\"150\" height=\"150\" src=\"http:\/\/europablog.bbs1goslar.de\/wp-content\/uploads\/2023\/12\/signal-2023-11-08-16-54-01-007-150x150.jpg\" class=\"attachment-thumbnail size-thumbnail\" alt=\"\" loading=\"lazy\" aria-describedby=\"gallery-3-1562\" \/><\/a>\n\t\t\t<\/dt>\n\t\t\t\t<dd class='wp-caption-text gallery-caption' id='gallery-3-1562'>\n\t\t\t\tIm Rathaus-Saal beim Empfang des B\u00fcrger-Meisters\n\t\t\t\t<\/dd><\/dl><br style=\"clear: both\" \/>\n\t\t<\/div>\n\n<p style=\"text-align: justify;\">Konecranes and Demag: Am Donnerstag stand Konecranes and Demag s.r.o., die Br\u00fccken-Krane bauen, auf dem Programm. Der Betrieb in Slany wechselte seit der Wende 1989 dreimal den Eigent\u00fcmer. 1989 kaufte die deutsche Demag den ehemals sozialistischen Betrieb, 2002 erfolgte der Verkauf an einen amerikanischen Finanzinvestor und 2017 \u00fcbernahm schlie\u00dflich Konecranes aus Finnland.<\/p>\n\n\t\t<style type=\"text\/css\">\n\t\t\t#gallery-4 {\n\t\t\t\tmargin: auto;\n\t\t\t}\n\t\t\t#gallery-4 .gallery-item {\n\t\t\t\tfloat: left;\n\t\t\t\tmargin-top: 10px;\n\t\t\t\ttext-align: center;\n\t\t\t\twidth: 50%;\n\t\t\t}\n\t\t\t#gallery-4 img {\n\t\t\t\tborder: 2px solid #cfcfcf;\n\t\t\t}\n\t\t\t#gallery-4 .gallery-caption {\n\t\t\t\tmargin-left: 0;\n\t\t\t}\n\t\t\t\/* see gallery_shortcode() in wp-includes\/media.php *\/\n\t\t<\/style>\n\t\t<div id='gallery-4' class='gallery galleryid-1538 gallery-columns-2 gallery-size-thumbnail'><dl class='gallery-item'>\n\t\t\t<dt class='gallery-icon landscape'>\n\t\t\t\t<a href='http:\/\/europablog.bbs1goslar.de\/?attachment_id=1573'><img width=\"150\" height=\"150\" src=\"http:\/\/europablog.bbs1goslar.de\/wp-content\/uploads\/2023\/12\/IMG_20231109_122206-150x150.jpg\" class=\"attachment-thumbnail size-thumbnail\" alt=\"\" loading=\"lazy\" aria-describedby=\"gallery-4-1573\" \/><\/a>\n\t\t\t<\/dt>\n\t\t\t\t<dd class='wp-caption-text gallery-caption' id='gallery-4-1573'>\n\t\t\t\tVor dem Haupt-Eingang\n\t\t\t\t<\/dd><\/dl><dl class='gallery-item'>\n\t\t\t<dt class='gallery-icon portrait'>\n\t\t\t\t<a href='http:\/\/europablog.bbs1goslar.de\/?attachment_id=1574'><img width=\"150\" height=\"150\" src=\"http:\/\/europablog.bbs1goslar.de\/wp-content\/uploads\/2023\/12\/20231109_115826-150x150.jpg\" class=\"attachment-thumbnail size-thumbnail\" alt=\"\" loading=\"lazy\" aria-describedby=\"gallery-4-1574\" \/><\/a>\n\t\t\t<\/dt>\n\t\t\t\t<dd class='wp-caption-text gallery-caption' id='gallery-4-1574'>\n\t\t\t\tEin Br\u00fccken-Kran\n\t\t\t\t<\/dd><\/dl><br style=\"clear: both\" \/>\n\t\t<\/div>\n\n<p style=\"text-align: justify;\">Am Freitag besichtigten wir F. X. MEILLER Slan\u00fd s.r.o., die Kipp-Br\u00fccken bzw. Kipper f\u00fcr Lkw produzieren. Hier waren wir besonders von der virtuellen Schulung der Schwei\u00dfer und Lackierer beeindruckt.<\/p>\n\n\t\t<style type=\"text\/css\">\n\t\t\t#gallery-5 {\n\t\t\t\tmargin: auto;\n\t\t\t}\n\t\t\t#gallery-5 .gallery-item {\n\t\t\t\tfloat: left;\n\t\t\t\tmargin-top: 10px;\n\t\t\t\ttext-align: center;\n\t\t\t\twidth: 33%;\n\t\t\t}\n\t\t\t#gallery-5 img {\n\t\t\t\tborder: 2px solid #cfcfcf;\n\t\t\t}\n\t\t\t#gallery-5 .gallery-caption {\n\t\t\t\tmargin-left: 0;\n\t\t\t}\n\t\t\t\/* see gallery_shortcode() in wp-includes\/media.php *\/\n\t\t<\/style>\n\t\t<div id='gallery-5' class='gallery galleryid-1538 gallery-columns-3 gallery-size-thumbnail'><dl class='gallery-item'>\n\t\t\t<dt class='gallery-icon portrait'>\n\t\t\t\t<a href='http:\/\/europablog.bbs1goslar.de\/?attachment_id=1553'><img width=\"150\" height=\"150\" src=\"http:\/\/europablog.bbs1goslar.de\/wp-content\/uploads\/2023\/12\/IMG_20231110_112008-150x150.jpg\" class=\"attachment-thumbnail size-thumbnail\" alt=\"\" loading=\"lazy\" aria-describedby=\"gallery-5-1553\" \/><\/a>\n\t\t\t<\/dt>\n\t\t\t\t<dd class='wp-caption-text gallery-caption' id='gallery-5-1553'>\n\t\t\t\tVirtuelles Schwei\u00dfen mit Herrn Witzorky\n\t\t\t\t<\/dd><\/dl><dl class='gallery-item'>\n\t\t\t<dt class='gallery-icon landscape'>\n\t\t\t\t<a href='http:\/\/europablog.bbs1goslar.de\/?attachment_id=1552'><img width=\"150\" height=\"150\" src=\"http:\/\/europablog.bbs1goslar.de\/wp-content\/uploads\/2023\/12\/IMG_20231110_111204-150x150.jpg\" class=\"attachment-thumbnail size-thumbnail\" alt=\"\" loading=\"lazy\" aria-describedby=\"gallery-5-1552\" \/><\/a>\n\t\t\t<\/dt>\n\t\t\t\t<dd class='wp-caption-text gallery-caption' id='gallery-5-1552'>\n\t\t\t\tDer Kontroll-Bildschirm f\u00fcr das virtuelle Schwei\u00dfen\n\t\t\t\t<\/dd><\/dl><dl class='gallery-item'>\n\t\t\t<dt class='gallery-icon landscape'>\n\t\t\t\t<a href='http:\/\/europablog.bbs1goslar.de\/?attachment_id=1551'><img width=\"150\" height=\"150\" src=\"http:\/\/europablog.bbs1goslar.de\/wp-content\/uploads\/2023\/12\/PXL_20231110_1046500881-150x150.jpg\" class=\"attachment-thumbnail size-thumbnail\" alt=\"\" loading=\"lazy\" aria-describedby=\"gallery-5-1551\" \/><\/a>\n\t\t\t<\/dt>\n\t\t\t\t<dd class='wp-caption-text gallery-caption' id='gallery-5-1551'>\n\t\t\t\tVirtuelles Lackieren\n\t\t\t\t<\/dd><\/dl><br style=\"clear: both\" \/>\n\t\t<\/div>\n\n<p style=\"text-align: justify;\">Am Wochenende sind wir nach Prag gefahren, um uns von Herrn Fiedler, dem Leiter unserer Berufsschule und Prag-Kenner, durch die touristischen H\u00f6hepunkte der Stadt f\u00fchren zu lassen.<\/p>\n\n\t\t<style type=\"text\/css\">\n\t\t\t#gallery-6 {\n\t\t\t\tmargin: auto;\n\t\t\t}\n\t\t\t#gallery-6 .gallery-item {\n\t\t\t\tfloat: left;\n\t\t\t\tmargin-top: 10px;\n\t\t\t\ttext-align: center;\n\t\t\t\twidth: 25%;\n\t\t\t}\n\t\t\t#gallery-6 img {\n\t\t\t\tborder: 2px solid #cfcfcf;\n\t\t\t}\n\t\t\t#gallery-6 .gallery-caption {\n\t\t\t\tmargin-left: 0;\n\t\t\t}\n\t\t\t\/* see gallery_shortcode() in wp-includes\/media.php *\/\n\t\t<\/style>\n\t\t<div id='gallery-6' class='gallery galleryid-1538 gallery-columns-4 gallery-size-thumbnail'><dl class='gallery-item'>\n\t\t\t<dt class='gallery-icon landscape'>\n\t\t\t\t<a href='http:\/\/europablog.bbs1goslar.de\/?attachment_id=1578'><img width=\"150\" height=\"150\" src=\"http:\/\/europablog.bbs1goslar.de\/wp-content\/uploads\/2023\/12\/20231111_112014-150x150.jpg\" class=\"attachment-thumbnail size-thumbnail\" alt=\"\" loading=\"lazy\" aria-describedby=\"gallery-6-1578\" \/><\/a>\n\t\t\t<\/dt>\n\t\t\t\t<dd class='wp-caption-text gallery-caption' id='gallery-6-1578'>\n\t\t\t\tDie Prager Burg\n\t\t\t\t<\/dd><\/dl><dl class='gallery-item'>\n\t\t\t<dt class='gallery-icon landscape'>\n\t\t\t\t<a href='http:\/\/europablog.bbs1goslar.de\/?attachment_id=1577'><img width=\"150\" height=\"150\" src=\"http:\/\/europablog.bbs1goslar.de\/wp-content\/uploads\/2023\/12\/20231111_111936-150x150.jpg\" class=\"attachment-thumbnail size-thumbnail\" alt=\"\" loading=\"lazy\" aria-describedby=\"gallery-6-1577\" \/><\/a>\n\t\t\t<\/dt>\n\t\t\t\t<dd class='wp-caption-text gallery-caption' id='gallery-6-1577'>\n\t\t\t\tEingang zur Prager Burg\n\t\t\t\t<\/dd><\/dl><dl class='gallery-item'>\n\t\t\t<dt class='gallery-icon landscape'>\n\t\t\t\t<a href='http:\/\/europablog.bbs1goslar.de\/?attachment_id=1563'><img width=\"150\" height=\"150\" src=\"http:\/\/europablog.bbs1goslar.de\/wp-content\/uploads\/2023\/12\/signal-2023-11-12-12-56-36-317-150x150.jpg\" class=\"attachment-thumbnail size-thumbnail\" alt=\"\" loading=\"lazy\" aria-describedby=\"gallery-6-1563\" \/><\/a>\n\t\t\t<\/dt>\n\t\t\t\t<dd class='wp-caption-text gallery-caption' id='gallery-6-1563'>\n\t\t\t\tAn der Karls-Br\u00fccke in Prag\n\t\t\t\t<\/dd><\/dl><dl class='gallery-item'>\n\t\t\t<dt class='gallery-icon landscape'>\n\t\t\t\t<a href='http:\/\/europablog.bbs1goslar.de\/?attachment_id=1576'><img width=\"150\" height=\"150\" src=\"http:\/\/europablog.bbs1goslar.de\/wp-content\/uploads\/2023\/12\/IMG_20231112_123005-150x150.jpg\" class=\"attachment-thumbnail size-thumbnail\" alt=\"\" loading=\"lazy\" aria-describedby=\"gallery-6-1576\" \/><\/a>\n\t\t\t<\/dt>\n\t\t\t\t<dd class='wp-caption-text gallery-caption' id='gallery-6-1576'>\n\t\t\t\tAuf der Kleinseite\n\t\t\t\t<\/dd><\/dl><br style=\"clear: both\" \/>\n\t\t<\/div>\n\n<p><strong>2. Woche:<\/strong><\/p>\n<p style=\"text-align: justify;\">Montags hatten die Sch\u00fcler\/-innen dann noch Zeit, abschlie\u00dfend an ihren Unternehmens-Pr\u00e4sentationen zu arbeiten.<br \/>\nAm Dienstag war dann der gro\u00dfe Tag der Vorstellung der Unternehmens-Pr\u00e4sentationen in der Aula der Schule. Dabei konnten einige Lehrkr\u00e4fte aus Goslar die Pr\u00e4sentationen live per Video-Konferenz verfolgen.<\/p>\n<p style=\"text-align: justify;\">Am Mittwoch besichtigten wir zusammen mit den tschechischen Sch\u00fcler\/-innen die Gedenkst\u00e4tte des ehemaligen Konzentrations-Lagers Theresienstadt und die Gedenkst\u00e4tte f\u00fcr das Massaker in Lidice. Der Ort wurde 1942 v\u00f6llig zerst\u00f6rt, und die meisten Einwohner aus Rache f\u00fcr die Ermordung Reinhard Heydrichs ermordet. Heydrich war Repr\u00e4sentant von Nazi-Deutschland im damals besetzten und unterdr\u00fcckten Tschechien.<\/p>\n\n\t\t<style type=\"text\/css\">\n\t\t\t#gallery-7 {\n\t\t\t\tmargin: auto;\n\t\t\t}\n\t\t\t#gallery-7 .gallery-item {\n\t\t\t\tfloat: left;\n\t\t\t\tmargin-top: 10px;\n\t\t\t\ttext-align: center;\n\t\t\t\twidth: 25%;\n\t\t\t}\n\t\t\t#gallery-7 img {\n\t\t\t\tborder: 2px solid #cfcfcf;\n\t\t\t}\n\t\t\t#gallery-7 .gallery-caption {\n\t\t\t\tmargin-left: 0;\n\t\t\t}\n\t\t\t\/* see gallery_shortcode() in wp-includes\/media.php *\/\n\t\t<\/style>\n\t\t<div id='gallery-7' class='gallery galleryid-1538 gallery-columns-4 gallery-size-thumbnail'><dl class='gallery-item'>\n\t\t\t<dt class='gallery-icon landscape'>\n\t\t\t\t<a href='http:\/\/europablog.bbs1goslar.de\/?attachment_id=1564'><img width=\"150\" height=\"150\" src=\"http:\/\/europablog.bbs1goslar.de\/wp-content\/uploads\/2023\/12\/Arbeitmachtfrei_01-150x150.jpg\" class=\"attachment-thumbnail size-thumbnail\" alt=\"\" loading=\"lazy\" aria-describedby=\"gallery-7-1564\" \/><\/a>\n\t\t\t<\/dt>\n\t\t\t\t<dd class='wp-caption-text gallery-caption' id='gallery-7-1564'>\n\t\t\t\tIn der kleinen Festung\n\t\t\t\t<\/dd><\/dl><dl class='gallery-item'>\n\t\t\t<dt class='gallery-icon landscape'>\n\t\t\t\t<a href='http:\/\/europablog.bbs1goslar.de\/?attachment_id=1565'><img width=\"150\" height=\"150\" src=\"http:\/\/europablog.bbs1goslar.de\/wp-content\/uploads\/2023\/12\/Theresienstadt_barak-150x150.jpg\" class=\"attachment-thumbnail size-thumbnail\" alt=\"\" loading=\"lazy\" aria-describedby=\"gallery-7-1565\" \/><\/a>\n\t\t\t<\/dt>\n\t\t\t\t<dd class='wp-caption-text gallery-caption' id='gallery-7-1565'>\n\t\t\t\tGef\u00e4ngniszelle in der Kleinen Festung\n\t\t\t\t<\/dd><\/dl><dl class='gallery-item'>\n\t\t\t<dt class='gallery-icon landscape'>\n\t\t\t\t<a href='http:\/\/europablog.bbs1goslar.de\/?attachment_id=1558'><img width=\"150\" height=\"150\" src=\"http:\/\/europablog.bbs1goslar.de\/wp-content\/uploads\/2023\/12\/20231115_115909-150x150.jpg\" class=\"attachment-thumbnail size-thumbnail\" alt=\"\" loading=\"lazy\" aria-describedby=\"gallery-7-1558\" \/><\/a>\n\t\t\t<\/dt>\n\t\t\t\t<dd class='wp-caption-text gallery-caption' id='gallery-7-1558'>\n\t\t\t\tDenkmal in der Kleinen Festung Theresienstadt\n\t\t\t\t<\/dd><\/dl><dl class='gallery-item'>\n\t\t\t<dt class='gallery-icon landscape'>\n\t\t\t\t<a href='http:\/\/europablog.bbs1goslar.de\/?attachment_id=1559'><img width=\"150\" height=\"150\" src=\"http:\/\/europablog.bbs1goslar.de\/wp-content\/uploads\/2023\/12\/20231115_141143-150x150.jpg\" class=\"attachment-thumbnail size-thumbnail\" alt=\"\" loading=\"lazy\" aria-describedby=\"gallery-7-1559\" \/><\/a>\n\t\t\t<\/dt>\n\t\t\t\t<dd class='wp-caption-text gallery-caption' id='gallery-7-1559'>\n\t\t\t\tDenkmal der Kinder von Lidice\n\t\t\t\t<\/dd><\/dl><br style=\"clear: both\" \/>\n\t\t<\/div>\n\n<p style=\"text-align: justify;\">Am Donnerstag ging es dann, nach unserer Verabschiedung bei der Handels-Akademie Slan\u00fd, mit einer letzten Zwischen-\u00dcbernachtung in Prag wieder zur\u00fcck nach Deutschland.<\/p>\n\n\t\t<style type=\"text\/css\">\n\t\t\t#gallery-8 {\n\t\t\t\tmargin: auto;\n\t\t\t}\n\t\t\t#gallery-8 .gallery-item {\n\t\t\t\tfloat: left;\n\t\t\t\tmargin-top: 10px;\n\t\t\t\ttext-align: center;\n\t\t\t\twidth: 50%;\n\t\t\t}\n\t\t\t#gallery-8 img {\n\t\t\t\tborder: 2px solid #cfcfcf;\n\t\t\t}\n\t\t\t#gallery-8 .gallery-caption {\n\t\t\t\tmargin-left: 0;\n\t\t\t}\n\t\t\t\/* see gallery_shortcode() in wp-includes\/media.php *\/\n\t\t<\/style>\n\t\t<div id='gallery-8' class='gallery galleryid-1538 gallery-columns-2 gallery-size-thumbnail'><dl class='gallery-item'>\n\t\t\t<dt class='gallery-icon portrait'>\n\t\t\t\t<a href='http:\/\/europablog.bbs1goslar.de\/?attachment_id=1556'><img width=\"150\" height=\"150\" src=\"http:\/\/europablog.bbs1goslar.de\/wp-content\/uploads\/2023\/12\/IMG_20231117_082606-150x150.jpg\" class=\"attachment-thumbnail size-thumbnail\" alt=\"\" loading=\"lazy\" aria-describedby=\"gallery-8-1556\" \/><\/a>\n\t\t\t<\/dt>\n\t\t\t\t<dd class='wp-caption-text gallery-caption' id='gallery-8-1556'>\n\t\t\t\tUnser Hotel AXA in Prag\n\t\t\t\t<\/dd><\/dl><dl class='gallery-item'>\n\t\t\t<dt class='gallery-icon landscape'>\n\t\t\t\t<a href='http:\/\/europablog.bbs1goslar.de\/?attachment_id=1555'><img width=\"150\" height=\"150\" src=\"http:\/\/europablog.bbs1goslar.de\/wp-content\/uploads\/2023\/12\/IMG_20231116_195948-150x150.jpg\" class=\"attachment-thumbnail size-thumbnail\" alt=\"\" loading=\"lazy\" aria-describedby=\"gallery-8-1555\" \/><\/a>\n\t\t\t<\/dt>\n\t\t\t\t<dd class='wp-caption-text gallery-caption' id='gallery-8-1555'>\n\t\t\t\tAbschluss-Essen im Restaurant Matylda in Prag\n\t\t\t\t<\/dd><\/dl><br style=\"clear: both\" \/>\n\t\t<\/div>\n\n<p><iframe id=\"_pericles_content_iframe\" style=\"position: absolute; top: -99px; left: 0px; width: 50px; height: 26px; background: transparent; overflow: visible; margin-top: -30px; transition: top 2s ease-in-out 0s; z-index: 2147483647; border: none; padding: 0px;\"><\/iframe><\/p>\n<p><iframe id=\"_pericles_content_iframe\" style=\"position: absolute; top: -99px; left: 0px; width: 50px; height: 26px; background: transparent; overflow: visible; margin-top: -30px; transition: top 2s ease-in-out 0s; z-index: 2147483647; border: none; padding: 0px;\"><\/iframe><\/p>\n<p><iframe id=\"_pericles_content_iframe\" style=\"position: absolute; top: -99px; left: 0px; width: 50px; height: 26px; background: transparent; overflow: visible; margin-top: -30px; transition: top 2s ease-in-out 0s; z-index: 2147483647; border: none; padding: 0px;\"><\/iframe><\/p>\n<p><iframe id=\"_pericles_content_iframe\" style=\"position: absolute; top: -99px; left: 0px; width: 50px; height: 26px; background: transparent; overflow: visible; margin-top: -30px; transition: top 2s ease-in-out 0s; z-index: 2147483647; border: none; padding: 0px;\"><\/iframe><\/p>\n<p><iframe id=\"_pericles_content_iframe\" style=\"position: absolute; top: -99px; left: 0px; width: 50px; height: 26px; background: transparent; overflow: visible; margin-top: -30px; transition: top 2s ease-in-out 0s; z-index: 2147483647; border: none; padding: 0px;\"><\/iframe><\/p>\n<p><iframe id=\"_pericles_content_iframe\" style=\"position: absolute; top: -99px; left: 0px; width: 50px; height: 26px; background: transparent; overflow: visible; margin-top: -30px; transition: top 2s ease-in-out 0s; z-index: 2147483647; border: none; padding: 0px;\"><\/iframe><\/p>\n<p><iframe id=\"_pericles_content_iframe\" style=\"position: absolute; top: -99px; left: 0px; width: 50px; height: 26px; background: transparent; overflow: visible; margin-top: -30px; transition: top 2s ease-in-out 0s; z-index: 2147483647; border: none; padding: 0px;\"><\/iframe><\/p>\n<p><iframe id=\"_pericles_content_iframe\" style=\"position: absolute; top: -99px; left: 0px; width: 50px; height: 26px; background: transparent; overflow: visible; margin-top: -30px; transition: top 2s ease-in-out 0s; z-index: 2147483647; border: none; padding: 0px;\"><\/iframe><\/p>\n<p><iframe id=\"_pericles_content_iframe\" style=\"position: absolute; top: -99px; left: 0px; width: 50px; height: 26px; background: transparent; overflow: visible; margin-top: -30px; transition: top 2s ease-in-out 0s; z-index: 2147483647; border: none; padding: 0px;\"><\/iframe><\/p>\n<p><iframe id=\"_pericles_content_iframe\" style=\"position: absolute; top: -99px; left: 0px; width: 50px; height: 26px; background: transparent; overflow: visible; margin-top: -30px; transition: top 2s ease-in-out 0s; z-index: 2147483647; border: none; padding: 0px;\"><\/iframe><\/p>\n<p><iframe id=\"_pericles_content_iframe\" style=\"position: absolute; top: -99px; left: 0px; width: 50px; height: 26px; background: transparent; overflow: visible; margin-top: -30px; transition: top 2s ease-in-out 0s; z-index: 2147483647; border: none; padding: 0px;\"><\/iframe><\/p>\n<p><iframe id=\"_pericles_content_iframe\" style=\"position: absolute; top: -99px; left: 0px; width: 50px; height: 26px; background: transparent; overflow: visible; margin-top: -30px; transition: top 2s ease-in-out 0s; z-index: 2147483647; border: none; padding: 0px;\"><\/iframe><\/p>\n<p><iframe id=\"_pericles_content_iframe\" style=\"position: absolute; top: -99px; left: 0px; width: 50px; height: 26px; background: transparent; overflow: visible; margin-top: -30px; transition: top 2s ease-in-out 0s; z-index: 2147483647; border: none; padding: 0px;\"><\/iframe><\/p>\n<p><iframe id=\"_pericles_content_iframe\" style=\"position: absolute; top: -99px; left: 0px; width: 50px; height: 26px; background: transparent; overflow: visible; margin-top: -30px; transition: top 2s ease-in-out 0s; z-index: 2147483647; border: none; padding: 0px;\"><\/iframe><\/p>\n<p><iframe id=\"_pericles_content_iframe\" style=\"position: absolute; top: -99px; left: 0px; width: 50px; height: 26px; background: transparent; overflow: visible; margin-top: -30px; transition: top 2s ease-in-out 0s; z-index: 2147483647; border: none; padding: 0px;\"><\/iframe><\/p>\n","protected":false},"excerpt":{"rendered":"<p>Die Idee: Die 11 Sch\u00fcler\/-innen der WI22 besichtigen gemeinsam mit Sch\u00fcler\/-innen unserer tschechischen Partner-Schule Obchodni akademie (Handels-Akademie) in Slan\u00fd bei Prag vier Industrie-Betriebe und erstellen in gemischten deutsch-tschechischen Teams Unternehmens-Pr\u00e4sentationen auf Englisch, die in der Schul-Aula in Slan\u00fd vorgestellt werden. &hellip; <a href=\"http:\/\/europablog.bbs1goslar.de\/?p=1538\">Weiterlesen <span class=\"meta-nav\">&rarr;<\/span><\/a><\/p>\n","protected":false},"author":5,"featured_media":0,"comment_status":"closed","ping_status":"closed","sticky":false,"template":"","format":"standard","meta":[],"categories":[1],"tags":[],"_links":{"self":[{"href":"http:\/\/europablog.bbs1goslar.de\/index.php?rest_route=\/wp\/v2\/posts\/1538"}],"collection":[{"href":"http:\/\/europablog.bbs1goslar.de\/index.php?rest_route=\/wp\/v2\/posts"}],"about":[{"href":"http:\/\/europablog.bbs1goslar.de\/index.php?rest_route=\/wp\/v2\/types\/post"}],"author":[{"embeddable":true,"href":"http:\/\/europablog.bbs1goslar.de\/index.php?rest_route=\/wp\/v2\/users\/5"}],"replies":[{"embeddable":true,"href":"http:\/\/europablog.bbs1goslar.de\/index.php?rest_route=%2Fwp%2Fv2%2Fcomments&post=1538"}],"version-history":[{"count":17,"href":"http:\/\/europablog.bbs1goslar.de\/index.php?rest_route=\/wp\/v2\/posts\/1538\/revisions"}],"predecessor-version":[{"id":1585,"href":"http:\/\/europablog.bbs1goslar.de\/index.php?rest_route=\/wp\/v2\/posts\/1538\/revisions\/1585"}],"wp:attachment":[{"href":"http:\/\/europablog.bbs1goslar.de\/index.php?rest_route=%2Fwp%2Fv2%2Fmedia&parent=1538"}],"wp:term":[{"taxonomy":"category","embeddable":true,"href":"http:\/\/europablog.bbs1goslar.de\/index.php?rest_route=%2Fwp%2Fv2%2Fcategories&post=1538"},{"taxonomy":"post_tag","embeddable":true,"href":"http:\/\/europablog.bbs1goslar.de\/index.php?rest_route=%2Fwp%2Fv2%2Ftags&post=1538"}],"curies":[{"name":"wp","href":"https:\/\/api.w.org\/{rel}","templated":true}]}}